{"id":19336,"date":"2025-05-20T08:00:00","date_gmt":"2025-05-20T11:00:00","guid":{"rendered":"https:\/\/www.consumidorpositivo.com.br\/blog\/?p=19336"},"modified":"2025-05-16T19:36:38","modified_gmt":"2025-05-16T22:36:38","slug":"recessao-tecnica-brasil","status":"publish","type":"post","link":"https:\/\/www.consumidorpositivo.com.br\/blog\/recessao-tecnica-brasil\/","title":{"rendered":"Recess\u00e3o t\u00e9cnica \u00e0 vista? Entenda o alerta dos economistas"},"content":{"rendered":"\n<p><strong>Juros altos, infla\u00e7\u00e3o persistente e desacelera\u00e7\u00e3o global formam uma tempestade perfeita para a economia brasileira.<\/strong><\/p>\n\n\n\n<p>O Brasil pode estar prestes a enfrentar sua primeira recess\u00e3o t\u00e9cnica desde o bi\u00eanio 2015-2016. Ap\u00f3s dois anos de crescimento expressivo sob o governo Lula, com expans\u00e3o de 2,9% em 2023 e proje\u00e7\u00f5es de at\u00e9 3,5% para 2024, economistas come\u00e7am a acender o sinal de alerta. H\u00e1 sinais consistentes de que o ciclo de crescimento pode estar se esgotando.<\/p>\n\n\n\n<p>A combina\u00e7\u00e3o de fatores internos e externos t\u00eam pressionado a economia. A taxa Selic em n\u00edveis elevados, uma infla\u00e7\u00e3o resistente, o aumento das incertezas fiscais e a desacelera\u00e7\u00e3o global formam o que analistas chamam de uma \u201ctempestade perfeita\u201d para os pr\u00f3ximos meses.<\/p>\n\n\n\n\n\n<h2 class=\"wp-block-heading\"><strong>O que \u00e9 recess\u00e3o t\u00e9cnica?<\/strong><\/h2>\n\n\n\n<p>Tecnicamente, a recess\u00e3o ocorre quando o Produto Interno Bruto (PIB) recua por dois trimestres consecutivos. Isso significa uma retra\u00e7\u00e3o real na produ\u00e7\u00e3o de bens e servi\u00e7os, com impactos diretos na atividade econ\u00f4mica: mais desemprego, queda nos investimentos e consumo enfraquecido.<\/p>\n\n\n\n<p>Diversas institui\u00e7\u00f5es financeiras j\u00e1 incluem esse risco em suas proje\u00e7\u00f5es para 2025. Bradesco, Banco BV, Ativa Investimentos, Monte Bravo, Nova Futura e Tend\u00eancias divergem quanto ao momento exato da recess\u00e3o, mas consideram o cen\u00e1rio cada vez mais prov\u00e1vel.<\/p>\n\n\n\n<h2 class=\"wp-block-heading\"><strong>Sinais de deteriora\u00e7\u00e3o econ\u00f4mica<\/strong><\/h2>\n\n\n\n<p>Os indicadores mais recentes revelam tend\u00eancia clara de desacelera\u00e7\u00e3o:<\/p>\n\n\n\n<ol class=\"wp-block-list\">\n<li><strong>Produ\u00e7\u00e3o industrial<\/strong> &#8211; Recua h\u00e1 tr\u00eas meses consecutivos, com queda de 0,3% em dezembro. O setor manufatureiro enfrenta custos elevados de produ\u00e7\u00e3o e demanda enfraquecida;<\/li>\n\n\n\n<li><strong>Com\u00e9rcio varejista<\/strong> &#8211; Registrou retra\u00e7\u00e3o de 0,4% em novembro, pior que o esperado. Fam\u00edlias endividadas reduzem consumo diante dos juros altos;<\/li>\n\n\n\n<li><strong>Setor de servi\u00e7os<\/strong> &#8211; Apresentou recuo de 0,9%, surpreendendo negativamente os analistas. O segmento, que representa cerca de 70% do PIB, mostra sinais claros de arrefecimento;<\/li>\n\n\n\n<li><strong>Confian\u00e7a empresarial<\/strong> &#8211; O ICE da FGV caiu 1,8 ponto, para 94,8 pontos. Empres\u00e1rios demonstra pessimismo tanto sobre a situa\u00e7\u00e3o atual quanto sobre as perspectivas futuras;<\/li>\n\n\n\n<li><strong>Mercado de trabalho<\/strong> &#8211; Embora o desemprego permane\u00e7a em n\u00edveis historicamente baixos, o pa\u00eds fechou 535,5 mil vagas formais apenas em dezembro de 2024, n\u00famero muito acima do esperado.<\/li>\n<\/ol>\n\n\n\n<p><\/p>\n\n\n\n<h2 class=\"wp-block-heading\"><strong>Juros como principal vil\u00e3o<\/strong><\/h2>\n\n\n\n<p>A pol\u00edtica monet\u00e1ria \u00e9 apontada como fator central do esfriamento. Com a Selic em 14,25% e proje\u00e7\u00f5es indicando at\u00e9 15% ao ano, o Brasil opera com uma taxa real de juros pr\u00f3xima a 9%, uma das mais altas do mundo.<\/p>\n\n\n\n<div class=\"cta-btn-block\">\n  <a class=\"button button--blue expand-y cta-btn\" href=\"https:\/\/app.consumidorpositivo.com.br\/?utm_source=blog&amp;utm_medium=consumidorpositivo&amp;utm_term=cta-post\" target=\"_blank\">Consulte seu CPF<\/a>\n<\/div>\n\n\n\n<p>Com esse patamar, investimentos produtivos s\u00e3o adiados, o cr\u00e9dito encolhe e o consumo recua. O efeito \u00e9 em cadeia: menos cr\u00e9dito, menos consumo; menos consumo, menos produ\u00e7\u00e3o; e, consequentemente, menos empregos.<\/p>\n\n\n\n<p>Especialmente para o varejo, dependente do parcelamento, o custo do cr\u00e9dito elevado atinge em cheio as vendas, num pa\u00eds onde boa parte da popula\u00e7\u00e3o depende de financiamento para consumir.<\/p>\n\n\n\n<h2 class=\"wp-block-heading\"><strong>Timing da recess\u00e3o divide analistas<\/strong><\/h2>\n\n\n\n<p>As proje\u00e7\u00f5es sobre quando a recess\u00e3o t\u00e9cnica ocorreria variam significativamente:<\/p>\n\n\n\n<ol class=\"wp-block-list\">\n<li><strong>Cen\u00e1rio mais pessimista<\/strong> &#8211; Monte Bravo projeta contra\u00e7\u00e3o de 0,5% j\u00e1 no segundo trimestre, seguida por igual recuo no terceiro. Isso colocaria o pa\u00eds em recess\u00e3o t\u00e9cnica a partir de julho;<\/li>\n\n\n\n<li><strong>Cen\u00e1rio intermedi\u00e1rio<\/strong> &#8211; Bradesco e Tend\u00eancias apontam para recess\u00e3o no segundo semestre, com quedas entre 0,3% e 0,6% no terceiro e quarto trimestres;<\/li>\n\n\n\n<li><strong>Cen\u00e1rio mais severo<\/strong> &#8211; Banco BV estima contra\u00e7\u00f5es mais profundas: 0,5% no terceiro trimestre e 1% no \u00faltimo trimestre do ano.<\/li>\n<\/ol>\n\n\n\n<p><\/p>\n\n\n\n<h2 class=\"wp-block-heading\"><strong>Crescimento anual deve ficar abaixo de 2%<\/strong><\/h2>\n\n\n\n<p>Mesmo com diverg\u00eancias sobre o timing, h\u00e1 concord\u00e2ncia de que 2025 ser\u00e1 um ano fraco para a atividade econ\u00f4mica. As estimativas variam de 1,5% (UBS BB) a 2,2% (Bradesco), indicando desacelera\u00e7\u00e3o relevante ap\u00f3s dois anos de desempenho robusto.<\/p>\n\n\n\n<p>Para 2026, as proje\u00e7\u00f5es s\u00e3o ainda mais modestas: crescimento m\u00e9dio de 1,72%, segundo o Boletim Focus. Parte dos analistas j\u00e1 fala em \u201cd\u00e9cada perdida\u201d, caso o pa\u00eds n\u00e3o retome o crescimento de forma sustent\u00e1vel.<\/p>\n\n\n\n<h2 class=\"wp-block-heading\"><strong>Infla\u00e7\u00e3o persistente limita a\u00e7\u00e3o do BC<\/strong><\/h2>\n\n\n\n<p>A infla\u00e7\u00e3o segue acima do teto da meta e reduz o espa\u00e7o para cortes na <a href=\"https:\/\/www.bcb.gov.br\/controleinflacao\/taxaselic\" rel=\"nofollow noopener\" target=\"_blank\">Selic<\/a>. Proje\u00e7\u00f5es indicam um IPCA de 6,01% em 2025, o que deve manter a pol\u00edtica monet\u00e1ria apertada por mais tempo.<\/p>\n\n\n\n<div class=\"cta-btn-block\">\n  <a class=\"button button--blue expand-y cta-btn\" href=\"https:\/\/app.consumidorpositivo.com.br\/?utm_source=blog&amp;utm_medium=consumidorpositivo&amp;utm_term=cta-post\" target=\"_blank\">Consulte seu CPF<\/a>\n<\/div>\n\n\n\n<p>O ciclo se torna vicioso: os juros altos reduzem a atividade, mas a atividade fraca n\u00e3o garante queda da infla\u00e7\u00e3o, especialmente com press\u00f5es de custos e expectativas desancoradas.<\/p>\n\n\n\n<h2 class=\"wp-block-heading\"><strong>Lula entre o ajuste fiscal e a press\u00e3o por crescimento<\/strong><\/h2>\n\n\n\n<p>O risco de recess\u00e3o pressiona o governo Lula, especialmente com as elei\u00e7\u00f5es de 2026 no horizonte. A gest\u00e3o enfrenta o dilema de manter o rigor fiscal e monet\u00e1rio ou adotar medidas de est\u00edmulo que podem reacender a infla\u00e7\u00e3o.<\/p>\n\n\n\n<p>A recente reforma ministerial foi interpretada como tentativa de refor\u00e7ar a articula\u00e7\u00e3o pol\u00edtica. Ainda assim, 98% dos agentes de mercado ouvidos pela Genial\/Quaest avaliam que a mudan\u00e7a n\u00e3o resolve os impasses de governabilidade.<\/p>\n\n\n\n<h2 class=\"wp-block-heading\"><strong>Recess\u00e3o \u00e0 vista? Pa\u00eds vive impasse entre freio econ\u00f4mico e incerteza pol\u00edtica<\/strong><\/h2>\n\n\n\n<p>Combinando fatores internos e externos adversos, o Brasil navega por um ambiente de elevada incerteza. A possibilidade de recess\u00e3o t\u00e9cnica no curto prazo j\u00e1 n\u00e3o \u00e9 descartada por boa parte dos analistas.<br>Os pr\u00f3ximos meses ser\u00e3o decisivos para entender se a economia brasileira confirmar\u00e1 o pessimismo do mercado ou voltar\u00e1 a surpreender com sua resili\u00eancia. O debate continua aberto, e seus desdobramentos ter\u00e3o impactos significativos na pol\u00edtica econ\u00f4mica e no dia a dia da popula\u00e7\u00e3o.<\/p>\n<div style='text-align:center' class='yasr-auto-insert-visitor'><\/div>","protected":false},"excerpt":{"rendered":"<p>Economistas alertam para poss\u00edvel recess\u00e3o t\u00e9cnica no Brasil em 2025; entenda os fatores e impactos na economia nacional.<\/p>\n","protected":false},"author":3,"featured_media":18331,"comment_status":"open","ping_status":"open","sticky":false,"template":"","format":"standard","meta":{"_acf_changed":false,"inline_featured_image":false,"yasr_overall_rating":0,"yasr_post_is_review":"","yasr_auto_insert_disabled":"","yasr_review_type":"","footnotes":""},"categories":[16],"tags":[],"class_list":["post-19336","post","type-post","status-publish","format-standard","has-post-thumbnail","hentry","category-educacao-financeira"],"acf":[],"yasr_visitor_votes":{"stars_attributes":{"read_only":false,"span_bottom":false},"number_of_votes":0,"sum_votes":0},"_links":{"self":[{"href":"https:\/\/www.consumidorpositivo.com.br\/blog\/wp-json\/wp\/v2\/posts\/19336","targetHints":{"allow":["GET"]}}],"collection":[{"href":"https:\/\/www.consumidorpositivo.com.br\/blog\/wp-json\/wp\/v2\/posts"}],"about":[{"href":"https:\/\/www.consumidorpositivo.com.br\/blog\/wp-json\/wp\/v2\/types\/post"}],"author":[{"embeddable":true,"href":"https:\/\/www.consumidorpositivo.com.br\/blog\/wp-json\/wp\/v2\/users\/3"}],"replies":[{"embeddable":true,"href":"https:\/\/www.consumidorpositivo.com.br\/blog\/wp-json\/wp\/v2\/comments?post=19336"}],"version-history":[{"count":1,"href":"https:\/\/www.consumidorpositivo.com.br\/blog\/wp-json\/wp\/v2\/posts\/19336\/revisions"}],"predecessor-version":[{"id":19338,"href":"https:\/\/www.consumidorpositivo.com.br\/blog\/wp-json\/wp\/v2\/posts\/19336\/revisions\/19338"}],"wp:featuredmedia":[{"embeddable":true,"href":"https:\/\/www.consumidorpositivo.com.br\/blog\/wp-json\/wp\/v2\/media\/18331"}],"wp:attachment":[{"href":"https:\/\/www.consumidorpositivo.com.br\/blog\/wp-json\/wp\/v2\/media?parent=19336"}],"wp:term":[{"taxonomy":"category","embeddable":true,"href":"https:\/\/www.consumidorpositivo.com.br\/blog\/wp-json\/wp\/v2\/categories?post=19336"},{"taxonomy":"post_tag","embeddable":true,"href":"https:\/\/www.consumidorpositivo.com.br\/blog\/wp-json\/wp\/v2\/tags?post=19336"}],"curies":[{"name":"wp","href":"https:\/\/api.w.org\/{rel}","templated":true}]}}