{"id":19106,"date":"2025-02-18T08:00:00","date_gmt":"2025-02-18T11:00:00","guid":{"rendered":"https:\/\/www.consumidorpositivo.com.br\/?p=19106"},"modified":"2025-03-12T20:04:42","modified_gmt":"2025-03-12T23:04:42","slug":"imposto-de-renda-atrasado","status":"publish","type":"post","link":"https:\/\/www.consumidorpositivo.com.br\/blog\/imposto-de-renda-atrasado\/","title":{"rendered":"Entreguei meu Imposto de Renda atrasado. E agora?"},"content":{"rendered":"\n<p>O prazo para a entrega da declara\u00e7\u00e3o do Imposto de Renda normalmente termina em meados de junho e, a partir de ent\u00e3o, quem declama depois da data limite, acaba recebendo a cobran\u00e7a de <a href=\"https:\/\/bit.ly\/2QyWfSI\" target=\"_blank\" rel=\"noreferrer noopener nofollow\">multa por atraso<\/a> \u2014 que \u00e9 mais salgada do que parece. <\/p>\n\n\n\n<div class=\"cta-btn-block\">\n  <a class=\"button button--blue expand-y cta-btn\" href=\"https:\/\/app.consumidorpositivo.com.br\/?utm_source=blog&amp;utm_medium=consumidorpositivo&amp;utm_term=cta-post\" target=\"_blank\">Consulte seu CPF<\/a>\n<\/div>\n\n\n\n<p>\u00c9 importante n\u00e3o se confundir com as datas, j\u00e1 que a dor de cabe\u00e7a para regularizar o CPF depois \u00e9 ainda pior. Mas n\u00e3o se preocupe: se voc\u00ea entregou o seu <strong>Imposto de Renda <\/strong>atrasado, confira o que voc\u00ea pode fazer na leitura deste artigo!<\/p>\n\n\n\n\n\n<h2 class=\"wp-block-heading\">Imposto de renda atrasado: o que fazer?<\/h2>\n\n\n\n<p>Para quem se perdeu em meio a tantas tarefas e entregou (ou vai entregar) o <strong>Imposto de Renda<\/strong> atrasado, organizamos um passo a passo com alternativas vi\u00e1veis para resolver a situa\u00e7\u00e3o e n\u00e3o cair nos falsos boatos que circulam por a\u00ed, como o de que as pessoas que atrasam um dia da data correta ser\u00e3o presas. Cuidado com farsas como essa!<\/p>\n\n\n\n<div class=\"cta-btn-block\">\n  <a class=\"button button--blue expand-y cta-btn\" href=\"https:\/\/app.consumidorpositivo.com.br\/?utm_source=blog&amp;utm_medium=consumidorpositivo&amp;utm_term=cta-post\" target=\"_blank\">Consulte seu CPF<\/a>\n<\/div>\n\n\n\n<p>A fisioterapeuta Elizaura Mastrangelo vivenciou algo parecido.<\/p>\n\n\n\n<p>Em 2019, na semana do prazo final, contratou um profissional para auxili\u00e1-la, mas ele deixou para a \u00faltima hora e fez tudo fora das normas da Receita Federal. \u201cTive de contratar outra contadora. Nisso, descobri que tinha um d\u00e9bito com a Receita por falta de responsabilidade de outra pessoa que contratei. Felizmente, com o apoio dela, fiz meu imposto, tive restitui\u00e7\u00e3o e ainda sobrou para acertar o d\u00e9bito em aberto\u201d, conta.<\/p>\n\n\n\n<p>No relato acima, Elizaura mostra que regularizou a situa\u00e7\u00e3o sem grandes complica\u00e7\u00f5es e rapidamente, o que \u00e9 essencial, pois quanto mais tempo levar para efetivar a declara\u00e7\u00e3o e quanto maior for o imposto, consequentemente pior ser\u00e1 a multa. Ou seja, se voc\u00ea perdeu o prazo de pagamento e ainda n\u00e3o tomou uma atitude, a hora \u00e9 agora!&nbsp;<\/p>\n\n\n\n<h2 class=\"wp-block-heading\">Opini\u00e3o de quem \u00e9 especialista no assunto<\/h2>\n\n\n\n<p>A contadora e professora de contabilidade <a href=\"https:\/\/ethicssolucaocontabil.com.br\/\" rel=\"nofollow noopener\" target=\"_blank\">Luciane Diniz<\/a> ressalta a import\u00e2ncia da organiza\u00e7\u00e3o para que esse tipo de quest\u00e3o n\u00e3o mexa tanto com o seu bolso. <\/p>\n\n\n\n<div class=\"cta-btn-block\">\n  <a class=\"button button--blue expand-y cta-btn\" href=\"https:\/\/app.consumidorpositivo.com.br\/?utm_source=blog&amp;utm_medium=consumidorpositivo&amp;utm_term=cta-post\" target=\"_blank\">Consulte seu CPF<\/a>\n<\/div>\n\n\n\n<p>\u201cA melhor alternativa \u00e9 entregar o mais r\u00e1pido poss\u00edvel para n\u00e3o ter o valor da multa aumentado em caso do contribuinte ter IR a pagar. Quanto antes a declara\u00e7\u00e3o for enviada, melhor. Al\u00e9m disso, ela precisa ser o mais completa poss\u00edvel, ou seja, com todas as informa\u00e7\u00f5es cab\u00edveis para evitar enroscos fiscais futuros. Lembrando tamb\u00e9m que o imposto pode ser parcelado em oito cotas\u201d, afirma.<\/p>\n\n\n\n<h2 class=\"wp-block-heading\">Quais as consequ\u00eancias para quem n\u00e3o declara o <strong>Imposto de Renda<\/strong><\/h2>\n\n\n\n<p>Todas as pessoas com obrigatoriedade para entregar o <strong>Imposto de Renda<\/strong> que n\u00e3o fizeram a declara\u00e7\u00e3o ter\u00e3o o <a href=\"http:\/\/receita.economia.gov.br\/orientacao\/tributaria\/cadastros\/cadastro-de-pessoas-fisicas-cpf\/atos-cadastrais\/regularizacao-do-cpf\" rel=\"nofollow noopener\" target=\"_blank\">CPF pendente de regulariza\u00e7\u00e3o<\/a>. Essa situa\u00e7\u00e3o impede que o cidad\u00e3o solicite ou renove seu passaporte, preste concurso p\u00fablico, fa\u00e7a empr\u00e9stimos, obtenha certid\u00e3o para venda de im\u00f3vel e abra uma conta em banco.<\/p>\n\n\n\n<p>A entrega pode ser realizada em at\u00e9 cinco anos depois do prazo regular, mesmo per\u00edodo em que a Receita Federal aceita poss\u00edveis retifica\u00e7\u00f5es do <strong>Imposto de Renda<\/strong>. Realizar ou corrigir declara\u00e7\u00f5es de anos anteriores \u00e9 poss\u00edvel por meio da instala\u00e7\u00e3o do programa de preenchimento espec\u00edfico para cada um deles, dispon\u00edveis no <a href=\"https:\/\/bit.ly\/3lwUSmb\" target=\"_blank\" rel=\"noreferrer noopener nofollow\">site da Receita<\/a>.&nbsp;<\/p>\n\n\n\n<h2 class=\"wp-block-heading\">O que voc\u00ea precisa saber sobre a multa<\/h2>\n\n\n\n<h3 class=\"wp-block-heading\">Aten\u00e7\u00e3o \u00e0 data limite<\/h3>\n\n\n\n<p>\u201cA data limite do <strong>Imposto de Renda<\/strong> deve ser respeitada, porque caso contr\u00e1rio, onera o contribuinte que, se for pessoa f\u00edsica, ainda que tenha algum valor a restituir ou n\u00e3o tenha nada a pagar, existe uma multa m\u00ednima a ser acertada\u201d, explica a contadora.<\/p>\n\n\n\n<h3 class=\"wp-block-heading\">Esqueci do prazo, e agora?<\/h3>\n\n\n\n<p>Ap\u00f3s o prazo estabelecido, a multa m\u00ednima para quem era obrigado a entregar e n\u00e3o enviou o documento \u00e9 de R$ 165,74 e a m\u00e1xima, de 20% do imposto devido, que \u00e9 o que a pessoa tem de pagar conforme o seu rendimento anual.&nbsp;<\/p>\n\n\n\n<div class=\"cta-btn-block\">\n  <a class=\"button button--blue expand-y cta-btn\" href=\"https:\/\/app.consumidorpositivo.com.br\/?utm_source=blog&amp;utm_medium=consumidorpositivo&amp;utm_term=cta-post\" target=\"_blank\">Consulte seu CPF<\/a>\n<\/div>\n\n\n\n<p>Para os contribuintes que t\u00eam imposto devido, a multa \u00e9 de 1% ao m\u00eas e esse montante n\u00e3o pode ultrapassar 20% do valor total. Esse percentual incide sobre o imposto devido, apurado na declara\u00e7\u00e3o, mesmo que j\u00e1 tenha sido pago. Se o valor de 1% do imposto devido for menor do que a multa m\u00ednima, a pessoa pagar\u00e1 R$ 165,74 de qualquer forma.&nbsp;<\/p>\n\n\n\n<p>Ou seja, se o imposto devido for de R$ 10.000 e o cidad\u00e3o entregar a declara\u00e7\u00e3o com um m\u00eas de atraso, o valor da multa ser\u00e1 calculado em R$ 100 \u2014 por esse valor ser inferior \u00e0 taxa m\u00ednima, o contribuinte ter\u00e1 de desembolsar R$ 165,74.<\/p>\n\n\n\n<h2 class=\"wp-block-heading\">Imposto devido e Imposto a pagar<\/h2>\n\n\n\n<p>Na hora de <a href=\"http:\/\/bit.ly\/38dfPxf\" data-type=\"URL\" data-id=\"http:\/\/bit.ly\/38dfPxf\" rel=\"nofollow noopener\" target=\"_blank\">regularizar o seu CPF<\/a>, fique atento para n\u00e3o confundir imposto devido com imposto a pagar. O segundo termo \u00e9 decorrente do imposto devido calculado pelo programa de envio da declara\u00e7\u00e3o, e \u00e9 subtra\u00eddo o valor que j\u00e1 foi pago por reten\u00e7\u00e3o na fonte (descontado no contra cheque ou carn\u00ea-le\u00e3o, por exemplo).<\/p>\n\n\n\n<div class=\"cta-btn-block\">\n  <a class=\"button button--blue expand-y cta-btn\" href=\"https:\/\/app.consumidorpositivo.com.br\/?utm_source=blog&amp;utm_medium=consumidorpositivo&amp;utm_term=cta-post\" target=\"_blank\">Consulte seu CPF<\/a>\n<\/div>\n\n\n\n<p>Dessa forma, se o pagamento de imposto \u00e9 menor do que o devido, apesar das dedu\u00e7\u00f5es feitas na declara\u00e7\u00e3o, o contribuinte ainda ter\u00e1 imposto a pagar. Ao mesmo tempo, caso o pagamento tenha sido maior que o devido, a Receita arca com a restitui\u00e7\u00e3o do valor.<\/p>\n\n\n\n<p>Para quem tem <strong>Imposto de Renda<\/strong> a restituir, tamb\u00e9m h\u00e1 multa por atraso, mas caso n\u00e3o seja realizado em 30 dias, a Receita debita a multa e os juros de mora do valor a ser restitu\u00eddo.<\/p>\n\n\n\n<h3 class=\"wp-block-heading\">A quem a multa se aplica<\/h3>\n\n\n\n<p>A multa de R$ 165,74 tamb\u00e9m pode ser cobrada de quem n\u00e3o teve rendimentos, portanto, sem imposto a pagar. Isso ocorre somente para pessoas com im\u00f3vel registrado em valores superiores a R$ 300 mil no ano anterior. Por isso, quem se encaixa nesse perfil deve apresentar a declara\u00e7\u00e3o mesmo sem rendimentos. Em caso de atraso no envio, o valor m\u00ednimo de multa dever\u00e1 ser pago.<\/p>\n\n\n\n<h2 class=\"wp-block-heading\">Como entregar a declara\u00e7\u00e3o em atraso<\/h2>\n\n\n\n<p>Para entregar o <strong>Imposto de Renda em atraso<\/strong>, voc\u00ea precisa baixar o programa no <a href=\"https:\/\/receita.economia.gov.br\/interface\/cidadao\/irpf\/2020\" rel=\"nofollow noopener\" target=\"_blank\">site da Receita<\/a>, escolher o ano-calend\u00e1rio correspondente e preencher o documento. Assim que a declara\u00e7\u00e3o em atraso for transmitida, o contribuinte receber\u00e1 a notifica\u00e7\u00e3o de lan\u00e7amento da multa, que dever\u00e1 ser paga em at\u00e9 30 dias.&nbsp;<\/p>\n\n\n\n<div class=\"cta-btn-block\">\n  <a class=\"button button--blue expand-y cta-btn\" href=\"https:\/\/app.consumidorpositivo.com.br\/?utm_source=blog&amp;utm_medium=consumidorpositivo&amp;utm_term=cta-post\" target=\"_blank\">Consulte seu CPF<\/a>\n<\/div>\n\n\n\n<p>Se o pagamento n\u00e3o ocorrer no prazo, haver\u00e1 a cobran\u00e7a de juros de mora, com base na taxa Selic. Nesse cen\u00e1rio, \u00e9 poss\u00edvel emitir o Documento de Arrecada\u00e7\u00e3o de Receitas Federais (Darf) atualizado, utilizando a <a href=\"https:\/\/cav.receita.fazenda.gov.br\/autenticacao\/login\/index\" rel=\"nofollow noopener\" target=\"_blank\">Pesquisa de Situa\u00e7\u00e3o Fiscal<\/a>.<\/p>\n\n\n\n<figure class=\"wp-block-embed is-type-video is-provider-youtube wp-block-embed-youtube wp-embed-aspect-16-9 wp-has-aspect-ratio\"><div class=\"wp-block-embed__wrapper\">\n<iframe title=\"Pix Acima de 5 mil Tem que Pagar Imposto? #shorts da Acordo Certo\" width=\"500\" height=\"281\" src=\"https:\/\/www.youtube.com\/embed\/ksZSpY7My7Y?feature=oembed\" frameborder=\"0\" allow=\"accelerometer; autoplay; clipboard-write; encrypted-media; gyroscope; picture-in-picture; web-share\" referrerpolicy=\"strict-origin-when-cross-origin\" allowfullscreen><\/iframe>\n<\/div><\/figure>\n\n\n\n<h2 class=\"wp-block-heading\">D\u00favidas sobre a entrega do <strong>Imposto de Renda<\/strong><\/h2>\n\n\n\n<p>A contadora Luciane Diniz diz que h\u00e1 muitos boatos e informa\u00e7\u00f5es mal explicadas que circulam por a\u00ed sobre o <strong>Imposto de Renda<\/strong>, e isso acaba confundindo as pessoas que muitas vezes acabam entrando em d\u00edvidas.<\/p>\n\n\n\n<p>Confira algumas das d\u00favidas e mitos mais comuns, segundo Luciane, para que voc\u00ea entenda melhor sobre o tema:<\/p>\n\n\n\n<h3 class=\"wp-block-heading\">Se n\u00e3o sou obrigado a declarar, n\u00e3o devo preencher a declara\u00e7\u00e3o?<\/h3>\n\n\n\n<p>Se voc\u00ea n\u00e3o se enquadra em nenhuma das regras obrigat\u00f3rias, tamb\u00e9m pode entregar a declara\u00e7\u00e3o \u00e0 Receita. A entrega \u00e9 at\u00e9 recomend\u00e1vel nesses casos, pois ao preencher o <strong>Imposto de Renda<\/strong>, o contribuinte consegue a restitui\u00e7\u00e3o.&nbsp;<\/p>\n\n\n\n<div class=\"cta-btn-block\">\n  <a class=\"button button--blue expand-y cta-btn\" href=\"https:\/\/app.consumidorpositivo.com.br\/?utm_source=blog&amp;utm_medium=consumidorpositivo&amp;utm_term=cta-post\" target=\"_blank\">Consulte seu CPF<\/a>\n<\/div>\n\n\n\n<p>Para checar se vale a pena declarar o <strong>Imposto de Renda<\/strong>, siga o passo a passo abaixo:<\/p>\n\n\n\n<ol class=\"wp-block-list\">\n<li>Acesse o <a href=\"https:\/\/receita.economia.gov.br\/interface\/cidadao\/irpf\/2020\" rel=\"nofollow noopener\" target=\"_blank\">site da Receita Federal<\/a> e baixe o programa de declara\u00e7\u00e3o do <strong>Imposto de Renda<\/strong> de pessoa f\u00edsica;<\/li>\n\n\n\n<li>Entre no programa e preencha a declara\u00e7\u00e3o para saber quanto voc\u00ea deveria pagar e qual seria a melhor op\u00e7\u00e3o (simplificada ou completa), e veja se voc\u00ea tem imposto a restituir;<\/li>\n\n\n\n<li>Avalie se no ano passado os rendimentos recebidos tiveram alguma reten\u00e7\u00e3o de IR. Para observar se voc\u00ea teria direito \u00e0 restitui\u00e7\u00e3o e qual a melhor modalidade para pagar menos, analise o quadro que fica no canto inferior esquerdo do programa, como indicado na imagem abaixo;<\/li>\n\n\n\n<li>Em caso positivo no item anterior, \u00e9 recomend\u00e1vel fazer a declara\u00e7\u00e3o para que o valor retido seja restitu\u00eddo.<\/li>\n<\/ol>\n\n\n\n<p><\/p>\n\n\n\n<figure class=\"wp-block-image size-large\"><img decoding=\"async\" src=\"https:\/\/www.acordocerto.com.br\/wp-content\/uploads\/2021\/06\/IR-print-1024x554.jpg\" alt=\"\" class=\"wp-image-2463\"\/><\/figure>\n\n\n\n<figure class=\"wp-block-image size-large\"><img decoding=\"async\" src=\"https:\/\/www.acordocerto.com.br\/wp-content\/uploads\/2021\/06\/IR-print-01.jpg\" alt=\"Entregou o seu Imposto de Renda atrasado ou esqueceu de declarar? Confira o que voc\u00ea pode fazer para regularizar a situa\u00e7\u00e3o com um guia r\u00e1pido e pr\u00e1tico.\" class=\"wp-image-2464\"\/><\/figure>\n\n\n\n<h3 class=\"wp-block-heading\">Sal\u00e1rio determina se sou obrigado a declarar?<\/h3>\n\n\n\n<p>O total dos sal\u00e1rios do \u00faltimo ano \u00e9 um dos itens que obriga o contribuinte a declarar ou n\u00e3o o <strong>Imposto de Renda<\/strong>. \u00c9 preciso declarar o <strong>IR<\/strong> quem registrou no ano anterior rendimentos tribut\u00e1veis que, somados, foram superiores a R$ 28.559,70.&nbsp;<\/p>\n\n\n\n<div class=\"cta-btn-block\">\n  <a class=\"button button--blue expand-y cta-btn\" href=\"https:\/\/app.consumidorpositivo.com.br\/?utm_source=blog&amp;utm_medium=consumidorpositivo&amp;utm_term=cta-post\" target=\"_blank\">Consulte seu CPF<\/a>\n<\/div>\n\n\n\n<p>No entanto, os rendimentos tribut\u00e1veis n\u00e3o dizem respeito somente a sal\u00e1rios. Esses rendimentos tamb\u00e9m incluem alugu\u00e9is, aposentadorias, pr\u00eamios, pens\u00f5es, pagamentos por servi\u00e7os, entre outros.<\/p>\n\n\n\n<p>Existem diversas outras determina\u00e7\u00f5es que obrigam o contribuinte a entregar o imposto. Deve declarar o <strong>Imposto de Renda<\/strong> quem recebeu rendimentos isentos, n\u00e3o tribut\u00e1veis ou tributados exclusivamente na fonte, cuja soma foi superior a R$ 40 mil; ou quem tinha, at\u00e9 o \u00faltimo dia do ano anterior, a posse de bens que, somados, valiam mais do que R$ 300 mil.<\/p>\n\n\n\n<h3 class=\"wp-block-heading\">Quem tem mais de 65 anos n\u00e3o precisa declarar?<\/h3>\n\n\n\n<p>Os contribuintes com mais de 65 anos precisam declarar o <strong>Imposto de Renda<\/strong> caso estejam enquadrados nas regras de obrigatoriedade da Receita. Mesmo aposentados, se tiverem recebido rendimentos tribut\u00e1veis acima de R$ 28.559,70, como alugu\u00e9is ou sal\u00e1rios, precisam enviar a declara\u00e7\u00e3o \u00e0 Receita.<\/p>\n\n\n\n<p>Por\u00e9m, a partir dessa idade, as aposentadorias inferiores a R$ 1.903,98 por m\u00eas no \u00faltimo ano s\u00e3o isentas de <strong>Imposto de Renda<\/strong>. A isen\u00e7\u00e3o vale para benef\u00edcios pagos por planos de previd\u00eancia privada e pelo INSS. Quando os benef\u00edcios somados forem maiores do que esses valores, os valores que excedem o limite de isen\u00e7\u00e3o s\u00e3o considerados como rendimentos tribut\u00e1veis pela Receita.<\/p>\n\n\n\n<h3 class=\"wp-block-heading\">Se eu n\u00e3o declarei um im\u00f3vel e n\u00e3o ca\u00ed na malha fina, n\u00e3o h\u00e1 problema?<\/h3>\n\n\n\n<p>Im\u00f3veis e ve\u00edculos devem sempre ser declarados no <strong>Imposto de Renda<\/strong>. Se um desses bens n\u00e3o foi informado nas declara\u00e7\u00f5es passadas, mesmo que a declara\u00e7\u00e3o n\u00e3o tenha sido retida na malha fina, \u00e9 recomend\u00e1vel fazer as declara\u00e7\u00f5es para inclus\u00e3o dos itens n\u00e3o informados.<\/p>\n\n\n\n<div class=\"cta-btn-block\">\n  <a class=\"button button--blue expand-y cta-btn\" href=\"https:\/\/app.consumidorpositivo.com.br\/?utm_source=blog&amp;utm_medium=consumidorpositivo&amp;utm_term=cta-post\" target=\"_blank\">Consulte seu CPF<\/a>\n<\/div>\n\n\n\n<p>Al\u00e9m de levar o contribuinte \u00e0 malha fina, a omiss\u00e3o desses bens pode gerar problemas maiores. Caso seja classificada como m\u00e1-f\u00e9, podem ser aplicadas multas de at\u00e9 150% do valor do imposto.<\/p>\n\n\n\n<p>A Receita consegue checar omiss\u00f5es e erros referentes \u00e0s declara\u00e7\u00f5es dos \u00faltimos cinco anos. Ent\u00e3o, os contribuintes que compraram bens e n\u00e3o os declararam nesse per\u00edodo devem retificar todas as declara\u00e7\u00f5es at\u00e9 o ano de 2015.<\/p>\n\n\n\n<h3 class=\"wp-block-heading\">A Receita monitora apenas despesas e rendimentos?<\/h3>\n\n\n\n<p>A Receita Federal analisa todas as movimenta\u00e7\u00f5es que causaram varia\u00e7\u00e3o do patrim\u00f4nio do contribuinte ao longo do ano de refer\u00eancia. Isso inclui despesas, rendimentos e posse de bens. O \u00f3rg\u00e3o checa se a renda declarada pelo contribuinte \u00e9 compat\u00edvel com seus bens, ademais de flagrar eventuais omiss\u00f5es.<\/p>\n\n\n\n<p>Contribuintes que est\u00e3o obrigados a entregar o <strong>Imposto de Renda<\/strong> devem declarar a posse, compra ou venda de im\u00f3veis e ve\u00edculos, independentemente do valor. Precisam ser declarados bens cujo valor de aquisi\u00e7\u00e3o tenha sido maior do que R$ 5 mil, como joias e obras de arte, por exemplo, al\u00e9m de saldos em conta corrente e em aplica\u00e7\u00f5es financeiras.<\/p>\n\n\n\n<h3 class=\"wp-block-heading\">A declara\u00e7\u00e3o simplificada \u00e9 a melhor op\u00e7\u00e3o?<\/h3>\n\n\n\n<p>A declara\u00e7\u00e3o simplificada determina um desconto \u00fanico de 20% sobre a base de c\u00e1lculo do <strong>Imposto de Renda<\/strong>, limitado ao teto de R$ 16.754,34. Caso os gastos dedut\u00edveis registrados pelo contribuinte no \u00faltimo ano forem maiores que esse percentual ou valor, \u00e9 melhor preencher a declara\u00e7\u00e3o completa para conseguir um desconto do imposto.<\/p>\n\n\n\n<p>Mesmo que o contribuinte escolha a declara\u00e7\u00e3o simplificada, ainda \u00e9 obrigado a declarar \u00e0 Receita pagamentos de alugu\u00e9is, servi\u00e7os m\u00e9dicos e poss\u00edveis honor\u00e1rios pagos a profissionais aut\u00f4nomos.<\/p>\n<div style='text-align:center' class='yasr-auto-insert-visitor'><\/div>","protected":false},"excerpt":{"rendered":"<p>Entenda quais consequ\u00eancias para quem entrega o imposto de renda atrasado e descubra as op\u00e7\u00f5es do que fazer para resolver essa quest\u00e3o.<\/p>\n","protected":false},"author":6,"featured_media":19250,"comment_status":"open","ping_status":"open","sticky":false,"template":"","format":"standard","meta":{"_acf_changed":false,"inline_featured_image":false,"yasr_overall_rating":0,"yasr_post_is_review":"","yasr_auto_insert_disabled":"","yasr_review_type":"","footnotes":""},"categories":[16],"tags":[],"class_list":["post-19106","post","type-post","status-publish","format-standard","has-post-thumbnail","hentry","category-educacao-financeira"],"acf":[],"yasr_visitor_votes":{"stars_attributes":{"read_only":false,"span_bottom":false},"number_of_votes":0,"sum_votes":0},"_links":{"self":[{"href":"https:\/\/www.consumidorpositivo.com.br\/blog\/wp-json\/wp\/v2\/posts\/19106","targetHints":{"allow":["GET"]}}],"collection":[{"href":"https:\/\/www.consumidorpositivo.com.br\/blog\/wp-json\/wp\/v2\/posts"}],"about":[{"href":"https:\/\/www.consumidorpositivo.com.br\/blog\/wp-json\/wp\/v2\/types\/post"}],"author":[{"embeddable":true,"href":"https:\/\/www.consumidorpositivo.com.br\/blog\/wp-json\/wp\/v2\/users\/6"}],"replies":[{"embeddable":true,"href":"https:\/\/www.consumidorpositivo.com.br\/blog\/wp-json\/wp\/v2\/comments?post=19106"}],"version-history":[{"count":2,"href":"https:\/\/www.consumidorpositivo.com.br\/blog\/wp-json\/wp\/v2\/posts\/19106\/revisions"}],"predecessor-version":[{"id":19251,"href":"https:\/\/www.consumidorpositivo.com.br\/blog\/wp-json\/wp\/v2\/posts\/19106\/revisions\/19251"}],"wp:featuredmedia":[{"embeddable":true,"href":"https:\/\/www.consumidorpositivo.com.br\/blog\/wp-json\/wp\/v2\/media\/19250"}],"wp:attachment":[{"href":"https:\/\/www.consumidorpositivo.com.br\/blog\/wp-json\/wp\/v2\/media?parent=19106"}],"wp:term":[{"taxonomy":"category","embeddable":true,"href":"https:\/\/www.consumidorpositivo.com.br\/blog\/wp-json\/wp\/v2\/categories?post=19106"},{"taxonomy":"post_tag","embeddable":true,"href":"https:\/\/www.consumidorpositivo.com.br\/blog\/wp-json\/wp\/v2\/tags?post=19106"}],"curies":[{"name":"wp","href":"https:\/\/api.w.org\/{rel}","templated":true}]}}